{"id":4621,"date":"2018-10-01T13:09:54","date_gmt":"2018-10-01T16:09:54","guid":{"rendered":"https:\/\/contlima.com.br\/?p=4621"},"modified":"2018-10-01T13:25:18","modified_gmt":"2018-10-01T16:25:18","slug":"prazo-para-implantacao-do-esocial-e-adiado-saiba-como-se-preparar","status":"publish","type":"post","link":"https:\/\/contlima.com.br\/index.php\/2018\/10\/01\/prazo-para-implantacao-do-esocial-e-adiado-saiba-como-se-preparar\/","title":{"rendered":"Prazo para implanta\u00e7\u00e3o do eSocial \u00e9 adiado: saiba como se preparar"},"content":{"rendered":"<!--themify_builder_content-->\n<div id=\"themify_builder_content-4621\" data-postid=\"4621\" class=\"themify_builder_content themify_builder_content-4621 themify_builder tf_clear\">\n                    <div  data-lazy=\"1\" class=\"module_row themify_builder_row tb_de2c28a tb_first tf_w\">\n                        <div class=\"row_inner col_align_top tb_col_count_1 tf_box tf_rel\">\n                        <div  data-lazy=\"1\" class=\"module_column tb-column col-full tb_e23f269 first\">\n                    <!-- module text -->\n<div  class=\"module module-text tb_142da31  repeat \" data-lazy=\"1\">\n        <div  class=\"tb_text_wrap\">\n        <p><strong>Adiada para novembro, a implanta\u00e7\u00e3o do\u00a0eSocial\u00a0em micro e pequenas empresas que faturam at\u00e9 R$ 4,8 milh\u00f5es por ano, deve mudar radicalmente a organiza\u00e7\u00e3o, transmiss\u00e3o e processamento de dados enviados aos \u00f3rg\u00e3os governamentais<\/strong>. A utiliza\u00e7\u00e3o da ferramenta tamb\u00e9m ser\u00e1 obrigat\u00f3ria para MEIs (Microempreendedores Individuais), que possuem funcion\u00e1rios registrados em carteira. Obrigat\u00f3rio no Brasil desde o \u00ednicio do ano, o programa j\u00e1 est\u00e1 em funcionamento em empresas com faturamento superior a R$ 78 milh\u00f5es anuais.\u00a0<a href=\\\"http:\/\/www.gescont.srv.br\/2018\/09\/14\/prazo-para-implantacao-do-esocial-e-adiado-saiba-como-se-preparar\/\\\" target=\\\"_blank\\\" rel=\\\"noopener\\\">Veja mat\u00e9ria completa<\/a><\/p>    <\/div>\n<\/div>\n<!-- \/module text -->        <\/div>\n                        <\/div>\n        <\/div>\n        <\/div>\n<!--\/themify_builder_content-->","protected":false},"excerpt":{"rendered":"<p>Adiada para novembro, a implanta\u00e7\u00e3o do\u00a0eSocial\u00a0em micro e pequenas empresas que faturam at\u00e9 R$ 4,8 milh\u00f5es por ano, deve mudar radicalmente a organiza\u00e7\u00e3o, transmiss\u00e3o e processamento de dados enviados aos \u00f3rg\u00e3os governamentais. A utiliza\u00e7\u00e3o da ferramenta tamb\u00e9m ser\u00e1 obrigat\u00f3ria para MEIs (Microempreendedores Individuais), que possuem funcion\u00e1rios registrados em carteira. Obrigat\u00f3rio no Brasil desde o \u00ednicio [&hellip;]<\/p>\n","protected":false},"author":2,"featured_media":4627,"comment_status":"open","ping_status":"open","sticky":false,"template":"","format":"standard","meta":{"_joinchat":[],"footnotes":""},"categories":[1],"tags":[],"class_list":["post-4621","post","type-post","status-publish","format-standard","has-post-thumbnail","hentry","category-geral","has-post-title","has-post-date","has-post-category","has-post-tag","has-post-comment","has-post-author",""],"builder_content":"<p><strong>Adiada para novembro, a implanta\u00e7\u00e3o do\u00a0eSocial\u00a0em micro e pequenas empresas que faturam at\u00e9 R$ 4,8 milh\u00f5es por ano, deve mudar radicalmente a organiza\u00e7\u00e3o, transmiss\u00e3o e processamento de dados enviados aos \u00f3rg\u00e3os governamentais<\/strong>. A utiliza\u00e7\u00e3o da ferramenta tamb\u00e9m ser\u00e1 obrigat\u00f3ria para MEIs (Microempreendedores Individuais), que possuem funcion\u00e1rios registrados em carteira. Obrigat\u00f3rio no Brasil desde o \u00ednicio do ano, o programa j\u00e1 est\u00e1 em funcionamento em empresas com faturamento superior a R$ 78 milh\u00f5es anuais.\u00a0<a href=\\\"http:\/\/www.gescont.srv.br\/2018\/09\/14\/prazo-para-implantacao-do-esocial-e-adiado-saiba-como-se-preparar\/\\\" target=\\\"_blank\\\" rel=\\\"noopener\\\">Veja mat\u00e9ria completa<\/a><\/p>","_links":{"self":[{"href":"https:\/\/contlima.com.br\/index.php\/wp-json\/wp\/v2\/posts\/4621","targetHints":{"allow":["GET"]}}],"collection":[{"href":"https:\/\/contlima.com.br\/index.php\/wp-json\/wp\/v2\/posts"}],"about":[{"href":"https:\/\/contlima.com.br\/index.php\/wp-json\/wp\/v2\/types\/post"}],"author":[{"embeddable":true,"href":"https:\/\/contlima.com.br\/index.php\/wp-json\/wp\/v2\/users\/2"}],"replies":[{"embeddable":true,"href":"https:\/\/contlima.com.br\/index.php\/wp-json\/wp\/v2\/comments?post=4621"}],"version-history":[{"count":8,"href":"https:\/\/contlima.com.br\/index.php\/wp-json\/wp\/v2\/posts\/4621\/revisions"}],"predecessor-version":[{"id":4647,"href":"https:\/\/contlima.com.br\/index.php\/wp-json\/wp\/v2\/posts\/4621\/revisions\/4647"}],"wp:featuredmedia":[{"embeddable":true,"href":"https:\/\/contlima.com.br\/index.php\/wp-json\/wp\/v2\/media\/4627"}],"wp:attachment":[{"href":"https:\/\/contlima.com.br\/index.php\/wp-json\/wp\/v2\/media?parent=4621"}],"wp:term":[{"taxonomy":"category","embeddable":true,"href":"https:\/\/contlima.com.br\/index.php\/wp-json\/wp\/v2\/categories?post=4621"},{"taxonomy":"post_tag","embeddable":true,"href":"https:\/\/contlima.com.br\/index.php\/wp-json\/wp\/v2\/tags?post=4621"}],"curies":[{"name":"wp","href":"https:\/\/api.w.org\/{rel}","templated":true}]}}